{"id":13504,"date":"2020-10-01T13:08:51","date_gmt":"2020-10-01T13:08:51","guid":{"rendered":"https:\/\/interoffices.com\/blog\/non-classifiee\/the-future-of-proptech-interoffices-ceo-on-radio-immo\/"},"modified":"2024-04-29T06:52:29","modified_gmt":"2024-04-29T06:52:29","slug":"the-future-of-proptech-interoffices-ceo-on-radio-immo","status":"publish","type":"post","link":"https:\/\/interoffices.com\/fr\/blog\/initiatives-en-matiere-de-leadership\/the-future-of-proptech-interoffices-ceo-on-radio-immo\/","title":{"rendered":"L&#8217;avenir de la PropTech &#8211; Le PDG d&#8217;Interoffices sur Radio Immo"},"content":{"rendered":"<p>Lors du salon <a href=\"https:\/\/www.propel-mipim.com\" rel=\"nofollow noopener\" target=\"_blank\">Propel by MIPIM \u00e0 Paris (septembre 2020<\/a>), Dirk Paelinck, notre PDG et le pr\u00e9sident de l&#8217;<a href=\"https:\/\/www.proptechhouse.eu\" rel=\"nofollow noopener\" target=\"_blank\">association europ\u00e9enne PropTech,<\/a> a \u00e9t\u00e9 <a href=\"https:\/\/radio.immo\/video\/263936-Dirk-PAELINCK-EUROPEAN-PROPTECH-ASSOCIATION\" rel=\"nofollow noopener\" target=\"_blank\">interview\u00e9 par Radio Immo<\/a>.<\/p>\n<p>Dans cette interview, il a pr\u00e9sent\u00e9 son association, qui regroupe plus de 2700 startups PropTech en Europe. Il a \u00e9galement \u00e9voqu\u00e9 le<a href=\"https:\/\/www.workero.com\/en\/news-post\/watch-euronews-coverage-escalar\" target=\"_blank\" rel=\"noopener\"> programme ESCALAR, le nouveau et ambitieux programme de financement de la Commission europ\u00e9enne,<\/a> qui fera <strong>plus que doubler l&#8217;investissement dans les startups et les scale-ups europ\u00e9ennes \u00e0 un moment critique <\/strong>.<\/p>\n<p>Il a \u00e9galement parl\u00e9 du partenariat entre les associations PropTech europ\u00e9ennes et l&#8217;<a href=\"https:\/\/business.esa.int\/funding\/invitation-to-tender\/proptech\" rel=\"nofollow noopener\" target=\"_blank\"> Agence spatiale europ\u00e9enne pour son<\/a> programme<a href=\"https:\/\/business.esa.int\/funding\/invitation-to-tender\/proptech\" rel=\"nofollow noopener\" target=\"_blank\"> &#8220;PropTech&#8221; Kick-Start<\/a>, qui offre un<strong> soutien et un financement aux entreprises d\u00e9veloppant des services exploitant les donn\u00e9es et les technologies satellitaires<\/strong> afin d&#8217;apporter une valeur ajout\u00e9e aux acteurs concern\u00e9s op\u00e9rant dans cet espace.<\/p>\n<p>Enfin, il a expliqu\u00e9 comment l&#8217;association contribuera \u00e0 <strong>atteindre les objectifs fix\u00e9s dans le programme Green Deal d&#8217;Ursula von der Leyer<\/strong>.<\/p>\n<p>Regardez l&#8217;interview compl\u00e8te ici.<\/p>\n<p><iframe src=\"https:\/\/www.youtube.com\/embed\/XnTig5eENWs\" width=\"560\" height=\"315\" frameborder=\"0\" allowfullscreen=\"allowfullscreen\"><\/iframe><\/p>\n","protected":false},"excerpt":{"rendered":"<p>Lors du salon Propel by MIPIM \u00e0 Paris (septembre 2020), Dirk Paelinck, notre PDG et le pr\u00e9sident de l&#8217;association europ\u00e9enne PropTech, a \u00e9t\u00e9 interview\u00e9 par Radio Immo. Dans cette interview, il a pr\u00e9sent\u00e9 son association, qui regroupe plus de 2700 startups PropTech en Europe. Il a \u00e9galement \u00e9voqu\u00e9 le programme ESCALAR, le nouveau et ambitieux [&hellip;]<\/p>\n","protected":false},"author":12,"featured_media":5304,"comment_status":"closed","ping_status":"open","sticky":false,"template":"","format":"standard","meta":{"_acf_changed":false,"footnotes":""},"categories":[140],"tags":[],"class_list":["post-13504","post","type-post","status-publish","format-standard","has-post-thumbnail","hentry","category-initiatives-en-matiere-de-leadership"],"acf":[],"_links":{"self":[{"href":"https:\/\/interoffices.com\/fr\/wp-json\/wp\/v2\/posts\/13504","targetHints":{"allow":["GET"]}}],"collection":[{"href":"https:\/\/interoffices.com\/fr\/wp-json\/wp\/v2\/posts"}],"about":[{"href":"https:\/\/interoffices.com\/fr\/wp-json\/wp\/v2\/types\/post"}],"author":[{"embeddable":true,"href":"https:\/\/interoffices.com\/fr\/wp-json\/wp\/v2\/users\/12"}],"replies":[{"embeddable":true,"href":"https:\/\/interoffices.com\/fr\/wp-json\/wp\/v2\/comments?post=13504"}],"version-history":[{"count":2,"href":"https:\/\/interoffices.com\/fr\/wp-json\/wp\/v2\/posts\/13504\/revisions"}],"predecessor-version":[{"id":13506,"href":"https:\/\/interoffices.com\/fr\/wp-json\/wp\/v2\/posts\/13504\/revisions\/13506"}],"wp:featuredmedia":[{"embeddable":true,"href":"https:\/\/interoffices.com\/fr\/wp-json\/wp\/v2\/media\/5304"}],"wp:attachment":[{"href":"https:\/\/interoffices.com\/fr\/wp-json\/wp\/v2\/media?parent=13504"}],"wp:term":[{"taxonomy":"category","embeddable":true,"href":"https:\/\/interoffices.com\/fr\/wp-json\/wp\/v2\/categories?post=13504"},{"taxonomy":"post_tag","embeddable":true,"href":"https:\/\/interoffices.com\/fr\/wp-json\/wp\/v2\/tags?post=13504"}],"curies":[{"name":"wp","href":"https:\/\/api.w.org\/{rel}","templated":true}]}}